{"id":1846,"date":"2020-12-21T21:35:56","date_gmt":"2020-12-21T20:35:56","guid":{"rendered":"http:\/\/www.ieshuelin.com\/huelinenglish\/?p=1846"},"modified":"2020-12-21T21:37:13","modified_gmt":"2020-12-21T20:37:13","slug":"our-students-know-well-what-our-roots-are-nuestros-alumnos-conocen-bien-nuestros-origenes","status":"publish","type":"post","link":"https:\/\/www.ieshuelin.com\/huelinenglish\/our-students-know-well-what-our-roots-are-nuestros-alumnos-conocen-bien-nuestros-origenes\/","title":{"rendered":"Our students know well what our roots are. Nuestros alumnos conocen bien nuestros or\u00edgenes."},"content":{"rendered":"<div class=\"embed-container\">\n<blockquote class=\"wp-embedded-content\" data-secret=\"y11CQ5uGUz\"><p><a href=\"https:\/\/spainsnews.com\/the-inhabitants-of-malaga-and-oviedo-the-most-satisfied-in-spain-with-their-city\/\">The inhabitants of Malaga and Oviedo, the most satisfied in Spain with their city<\/a><\/p><\/blockquote>\n<p><iframe class=\"wp-embedded-content\" sandbox=\"allow-scripts\" security=\"restricted\" style=\"position: absolute; clip: rect(1px, 1px, 1px, 1px);\" title=\"&#8220;The inhabitants of Malaga and Oviedo, the most satisfied in Spain with their city&#8221; &#8212; Spain&#039;s News\" src=\"https:\/\/spainsnews.com\/the-inhabitants-of-malaga-and-oviedo-the-most-satisfied-in-spain-with-their-city\/embed\/#?secret=y11CQ5uGUz\" data-secret=\"y11CQ5uGUz\" width=\"600\" height=\"338\" frameborder=\"0\" marginwidth=\"0\" marginheight=\"0\" scrolling=\"no\"><\/iframe><\/div>\n<p><img data-attachment-id=\"1849\" data-permalink=\"https:\/\/www.ieshuelin.com\/huelinenglish\/our-students-know-well-what-our-roots-are-nuestros-alumnos-conocen-bien-nuestros-origenes\/jardin-de-la-concepcion\/\" data-orig-file=\"https:\/\/i0.wp.com\/www.ieshuelin.com\/huelinenglish\/wp-content\/uploads\/2020\/12\/Jardin-de-la-Concepcion.png?fit=2232%2C1506&amp;ssl=1\" data-orig-size=\"2232,1506\" data-comments-opened=\"1\" data-image-meta=\"{&quot;aperture&quot;:&quot;0&quot;,&quot;credit&quot;:&quot;&quot;,&quot;camera&quot;:&quot;&quot;,&quot;caption&quot;:&quot;&quot;,&quot;created_timestamp&quot;:&quot;0&quot;,&quot;copyright&quot;:&quot;&quot;,&quot;focal_length&quot;:&quot;0&quot;,&quot;iso&quot;:&quot;0&quot;,&quot;shutter_speed&quot;:&quot;0&quot;,&quot;title&quot;:&quot;&quot;,&quot;orientation&quot;:&quot;0&quot;}\" data-image-title=\"Jard\u00edn de la Concepci\u00f3n\" data-image-description=\"\" data-medium-file=\"https:\/\/i0.wp.com\/www.ieshuelin.com\/huelinenglish\/wp-content\/uploads\/2020\/12\/Jardin-de-la-Concepcion.png?fit=300%2C202&amp;ssl=1\" data-large-file=\"https:\/\/i0.wp.com\/www.ieshuelin.com\/huelinenglish\/wp-content\/uploads\/2020\/12\/Jardin-de-la-Concepcion.png?fit=750%2C506&amp;ssl=1\" loading=\"lazy\" class=\"alignnone size-medium wp-image-1849\" src=\"https:\/\/i0.wp.com\/www.ieshuelin.com\/huelinenglish\/wp-content\/uploads\/2020\/12\/Jardin-de-la-Concepcion.png?resize=300%2C202\" alt=\"\" width=\"300\" height=\"202\" srcset=\"https:\/\/i0.wp.com\/www.ieshuelin.com\/huelinenglish\/wp-content\/uploads\/2020\/12\/Jardin-de-la-Concepcion.png?resize=300%2C202&amp;ssl=1 300w, https:\/\/i0.wp.com\/www.ieshuelin.com\/huelinenglish\/wp-content\/uploads\/2020\/12\/Jardin-de-la-Concepcion.png?resize=1024%2C691&amp;ssl=1 1024w, https:\/\/i0.wp.com\/www.ieshuelin.com\/huelinenglish\/wp-content\/uploads\/2020\/12\/Jardin-de-la-Concepcion.png?resize=768%2C518&amp;ssl=1 768w, https:\/\/i0.wp.com\/www.ieshuelin.com\/huelinenglish\/wp-content\/uploads\/2020\/12\/Jardin-de-la-Concepcion.png?resize=1536%2C1036&amp;ssl=1 1536w, https:\/\/i0.wp.com\/www.ieshuelin.com\/huelinenglish\/wp-content\/uploads\/2020\/12\/Jardin-de-la-Concepcion.png?resize=2048%2C1382&amp;ssl=1 2048w, https:\/\/i0.wp.com\/www.ieshuelin.com\/huelinenglish\/wp-content\/uploads\/2020\/12\/Jardin-de-la-Concepcion.png?resize=750%2C506&amp;ssl=1 750w\" sizes=\"(max-width: 300px) 100vw, 300px\" data-recalc-dims=\"1\" \/><\/p>\n<p><a href=\"http:\/\/www.ieshuelin.com\/huelinenglish\/wp-content\/uploads\/2020\/12\/Trinidad-Grund.pptx\">Trinidad Grund<\/a><a href=\"http:\/\/www.ieshuelin.com\/huelinenglish\/wp-content\/uploads\/2020\/12\/trabajo-sobre-Malaga-4.pptx\"> \u00a0\u00a0\u00a0 trabajo sobre M\u00e1laga (4)\u00a0\u00a0\u00a0\u00a0\u00a0\u00a0 <\/a><a href=\"http:\/\/www.ieshuelin.com\/huelinenglish\/wp-content\/uploads\/2020\/12\/trabajo-el-parque-de-malaga.pptx\">trabajo el parque de m\u00e1laga<\/a><\/p>\n<p><a href=\"http:\/\/www.ieshuelin.com\/huelinenglish\/wp-content\/uploads\/2020\/12\/TRAB-HIS-SARA-Y-ALBA-.pdf\">TRAB HIS &#8211; SARA Y ALBA<\/a><a href=\"http:\/\/www.ieshuelin.com\/huelinenglish\/wp-content\/uploads\/2020\/12\/TORRIJOS-AND-THE-OBELISK-OF-THE-PLAZA-DE-LA-MERCED.pdf\"> \u00a0\u00a0\u00a0\u00a0\u00a0 TORRIJOS AND THE OBELISK OF THE PLAZA DE LA MERCED\u00a0\u00a0\u00a0<\/a><\/p>\n<p><a href=\"http:\/\/www.ieshuelin.com\/huelinenglish\/wp-content\/uploads\/2020\/12\/Presentacion-sobre-la-Asociacion-Economica-de-Amigos-del-Pais.odp\">Presentaci\u00f3n sobre la Asociaci\u00f3n Econ\u00f3mica de Amigos del Pa\u00eds<\/a> \u00a0\u00a0\u00a0 <a href=\"http:\/\/www.ieshuelin.com\/huelinenglish\/wp-content\/uploads\/2020\/12\/Presentacion-bilingue-.pdf\">Presentaci\u00f3n biling\u00fce<\/a><a href=\"http:\/\/www.ieshuelin.com\/huelinenglish\/wp-content\/uploads\/2020\/12\/Parque-de-Malaga-Sandra-Frances.pptx\"> \u00a0\u00a0 Parque de M\u00e1laga &#8211; Sandra Franc\u00e9s<\/a><\/p>\n<p><a href=\"http:\/\/www.ieshuelin.com\/huelinenglish\/wp-content\/uploads\/2020\/12\/Irene-Lara-2o-Bach-C-TRINIDAD-GRUND.pdf\">Irene Lara, 2\u00ba Bach C &#8211; TRINIDAD GRUND<\/a> \u00a0\u00a0 <a href=\"http:\/\/www.ieshuelin.com\/huelinenglish\/wp-content\/uploads\/2020\/12\/Cementerio-Ingles-Angela-Rodriguez-Vela-y-Ksenia-Myakisheva-2-Bach-A.pdf\">Cementerio Ingl\u00e9s \u00c1ngela Rodr\u00edguez Vela y Ksenia Myakisheva 2 Bach A<\/a><\/p>\n<p><a href=\"http:\/\/www.ieshuelin.com\/huelinenglish\/wp-content\/uploads\/2020\/12\/CALLE-LARIOS.pdf\">CALLE LARIOS<\/a>\u00a0 <a href=\"http:\/\/www.ieshuelin.com\/huelinenglish\/wp-content\/uploads\/2020\/12\/AMALIA-HEREDIA-Y-EL-JARDIN-DE-LA-CONCEPCION.pdf\">AMALIA HEREDIA Y EL JARDIN DE LA CONCEPCI\u00d3N<\/a><\/p>\n<p><strong>Dear friends,<\/strong><\/p>\n<p><strong>We live in a city whose inhabitants are very proud of it.\u00a0 In fact ,the\u00a0 inhabitants of\u00a0 Oviedo and M\u00e1laga are the ones in Spain who are most satisfied with their city. But in order to understand M\u00e1laga best, our teacher of History Mayte Padilla has encouraged her students to try to research a little bit about our city. We are glad to share their projects with you, which are a good proof of the good work that is done in the IES Huelin in as much Content Language and Integrated Learning is concerned. Have a look at them! We are absolutely delighted!<\/strong><\/p>\n<p>&nbsp;<\/p>\n<p>Estimados amigos:<\/p>\n<p>Vivimos en una ciudad cuyos habitantes est\u00e1n muy orgullosos de la misma. De hecho, los habitantes de Oviedo y de M\u00e1laga son aquellos que dentro del conjunto de Espa\u00f1a est\u00e1n m\u00e1s satisfechos con su ciudad. Pero para entender M\u00e1laga mejor, nuestra profesora de Historia, do\u00f1a Mayte Padilla, ha animado a sus alumnos a que investiguen un poquito sobre nuestra ciudad. Estamos encantados de compartir sus proyectos con ustedes. Proyectos que son una buena prueba del trabajo que se hace en el IES Huelin con el el enfoque AICLE\u00a0 que consiste en ense\u00f1ar contenidos y lengua a la vez, de una forma integrada. De esta manera se utiliza la lengua con el objetivo de aprender contenidos y viceversa.\u00a0 Echadle un vistazo a los trabajos. \u00a1Estamos absolutamente encantados con los mismos!<\/p>\n<p>&nbsp;<\/p>\n<p>Bye for now!<\/p>\n<p>\u00a1Hasta la pr\u00f3xima!<\/p>\n","protected":false},"excerpt":{"rendered":"<p>The inhabitants of Malaga and Oviedo, the most satisfied in Spain with their city Trinidad Grund \u00a0\u00a0\u00a0 trabajo sobre M\u00e1laga (4)\u00a0\u00a0\u00a0\u00a0\u00a0\u00a0 trabajo el parque de m\u00e1laga TRAB HIS &#8211; SARA Y ALBA \u00a0\u00a0\u00a0\u00a0\u00a0 TORRIJOS AND THE OBELISK OF THE PLAZA DE LA MERCED\u00a0\u00a0\u00a0 Presentaci\u00f3n sobre la Asociaci\u00f3n Econ\u00f3mica de Amigos del Pa\u00eds \u00a0\u00a0\u00a0 Presentaci\u00f3n biling\u00fce &hellip; <\/p>\n<p><a class=\"more-link btn\" href=\"https:\/\/www.ieshuelin.com\/huelinenglish\/our-students-know-well-what-our-roots-are-nuestros-alumnos-conocen-bien-nuestros-origenes\/\">Seguir leyendo<\/a><\/p>\n","protected":false},"author":24,"featured_media":0,"comment_status":"open","ping_status":"open","sticky":false,"template":"","format":"standard","meta":{"spay_email":"","jetpack_publicize_message":"","jetpack_is_tweetstorm":false},"categories":[8],"tags":[],"jetpack_featured_media_url":"","jetpack_publicize_connections":[],"jetpack_sharing_enabled":true,"jetpack_shortlink":"https:\/\/wp.me\/p5eUNF-tM","jetpack-related-posts":[{"id":1313,"url":"https:\/\/www.ieshuelin.com\/huelinenglish\/plant-photo-contest\/","url_meta":{"origin":1846,"position":0},"title":"Plant Photo Contest","date":"marzo 22, 2017","format":false,"excerpt":"As part of the Global Unit for third year during the second school term, we study Getting to Know our City. We include Biology and Geology, Geography and History, Technology and Music and we have chosen M\u00e1laga Park to make our students aware of the richness and diversity of the\u2026","rel":"","context":"En \u00abCompetitions\u00bb","img":{"alt_text":"","src":"https:\/\/i2.wp.com\/www.ieshuelin.com\/huelinenglish\/wp-content\/uploads\/2017\/03\/IMG_20170322_110132.jpg?resize=350%2C200","width":350,"height":200},"classes":[]},{"id":2252,"url":"https:\/\/www.ieshuelin.com\/huelinenglish\/the-cradle-house-of-malaga-and-saint-elmos-aqueduct\/","url_meta":{"origin":1846,"position":1},"title":"The Cradle House of M\u00e1laga and Saint Elmo's Aqueduct","date":"junio 23, 2021","format":false,"excerpt":"Dear friends, I would like to share with you two templates of our students about The Cradle House of M\u00e1laga and Saint Elmo's Aqueduct. Estimados amigos: Me gustar\u00eda compartir con vosotros dos fichas que nuestros alumnos han elaborado sobre La Casa Cuna y el\u00a0 Acueducto de San Telmo. https:\/\/www.malaga.es\/en\/turismo\/patrimonio\/lis_cd-3844\/acueducto-de-san-telmo-y-molinos-del-canal-patrimonio-hidraulico Let\u2026","rel":"","context":"En \u00abMain - Principal\u00bb","img":{"alt_text":"","src":"https:\/\/i2.wp.com\/www.ieshuelin.com\/huelinenglish\/wp-content\/uploads\/2021\/06\/the-cradle-house-300x225.jpg?resize=350%2C200","width":350,"height":200},"classes":[]},{"id":1526,"url":"https:\/\/www.ieshuelin.com\/huelinenglish\/facing-bullying-griftis-luchando-contra-el-bullying-y-el-acoso-escolar\/","url_meta":{"origin":1846,"position":2},"title":"Facing Bullying Griftis. Luchando contra el bullying y el acoso escolar","date":"junio 28, 2017","format":false,"excerpt":"\u00a0\u00a0 Cortometraje dirigido por nuestra profesora Ana Bernal sobre el bullying y el acoso escolar y en el que han participado nuestros alumnos. Encuadrado en el Proyecto\u00a0GRITFIS Erasmus+. \u00a0 \u00a0\u00a0 GRITFIS Project is developed under the ERASMUS + framework (KA201) with the aim of preventing and combating bullying and discrimination\u2026","rel":"","context":"En \u00abCross-curricular topics\u00bb","img":{"alt_text":"","src":"","width":0,"height":0},"classes":[]},{"id":2024,"url":"https:\/\/www.ieshuelin.com\/huelinenglish\/sustainable-development-goals-and-our-city-los-objetivos-de-desarrollo-sostenible-y-nuestra-ciudad\/","url_meta":{"origin":1846,"position":3},"title":"Sustainable Development Goals and our city. Los Objetivos de Desarrollo Sostenible y nuestra ciudad.","date":"abril 27, 2021","format":false,"excerpt":"Los Objetivos de Desarrollo Sostenible y nuestra ciudad. An interview with Francisco de la Torre, Mayor of M\u00e1laga. Una entrevista con Francisco de la Torre, alcalde de M\u00e1laga. https:\/\/www.climate-kic.org\/community\/mayor-of-malaga\/ Francisco de la Torre has been Mayor of Malaga since 2000. Under his mandate, the Andalusian city has gained international attention\u2026","rel":"","context":"En \u00abMain - Principal\u00bb","img":{"alt_text":"","src":"","width":0,"height":0},"classes":[]},{"id":2239,"url":"https:\/\/www.ieshuelin.com\/huelinenglish\/blue-path-to-boost-blue-economy-with-artificial-reefs-and-nautical-bases-on-malaga-coast-sdg-14\/","url_meta":{"origin":1846,"position":4},"title":"Blue Path To Boost Blue Economy With Artificial Reefs And Nautical Bases On Malaga Coast. SDG 14","date":"junio 22, 2021","format":false,"excerpt":"https:\/\/www.euroweeklynews.com\/2021\/06\/18\/blue-path-to-boost-blue-economy-with-artificial-reefs-and-nautical-bases-on-malaga-coast\/ The creation of new aquatic and underwater resources, such as artificial reefs, or nautical bases, among others, will link the province of Malaga with the blue economy. La creaci\u00f3n de nuevos recursos sobre y bajo el agua tales como arrecifes artificiales o bases n\u00e1uticas, entre otros, unir\u00e1 a la\u2026","rel":"","context":"En \u00abMain - Principal\u00bb","img":{"alt_text":"","src":"https:\/\/i1.wp.com\/img.youtube.com\/vi\/ZU_wQsaMLDc\/0.jpg?resize=350%2C200","width":350,"height":200},"classes":[]},{"id":2264,"url":"https:\/\/www.ieshuelin.com\/huelinenglish\/save-water-poster-done-by-the-students-of-1st-of-eso-a-of-mr-jose-estrada-our-biology-teacher\/","url_meta":{"origin":1846,"position":5},"title":"\"Save water\". Poster done by the students of 1st of ESO A of Mr. Jos\u00e9 Estrada, our Biology Teacher.","date":"junio 25, 2021","format":false,"excerpt":"\u00a1Ahorren agua! P\u00f3ster elaborado por unas alumnas de primero de la ESO A de don Jos\u00e9 Estrada, nuestro profesor de Biolog\u00eda. Dear friends, I would like to finish the School Year by sharing with you some collaborations from some students of the School. In this case, I am going to\u2026","rel":"","context":"En \u00abMain - Principal\u00bb","img":{"alt_text":"","src":"https:\/\/i0.wp.com\/www.ieshuelin.com\/huelinenglish\/wp-content\/uploads\/2021\/06\/save-water-2-225x300.jpg?resize=350%2C200","width":350,"height":200},"classes":[]}],"_links":{"self":[{"href":"https:\/\/www.ieshuelin.com\/huelinenglish\/wp-json\/wp\/v2\/posts\/1846"}],"collection":[{"href":"https:\/\/www.ieshuelin.com\/huelinenglish\/wp-json\/wp\/v2\/posts"}],"about":[{"href":"https:\/\/www.ieshuelin.com\/huelinenglish\/wp-json\/wp\/v2\/types\/post"}],"author":[{"embeddable":true,"href":"https:\/\/www.ieshuelin.com\/huelinenglish\/wp-json\/wp\/v2\/users\/24"}],"replies":[{"embeddable":true,"href":"https:\/\/www.ieshuelin.com\/huelinenglish\/wp-json\/wp\/v2\/comments?post=1846"}],"version-history":[{"count":3,"href":"https:\/\/www.ieshuelin.com\/huelinenglish\/wp-json\/wp\/v2\/posts\/1846\/revisions"}],"predecessor-version":[{"id":1850,"href":"https:\/\/www.ieshuelin.com\/huelinenglish\/wp-json\/wp\/v2\/posts\/1846\/revisions\/1850"}],"wp:attachment":[{"href":"https:\/\/www.ieshuelin.com\/huelinenglish\/wp-json\/wp\/v2\/media?parent=1846"}],"wp:term":[{"taxonomy":"category","embeddable":true,"href":"https:\/\/www.ieshuelin.com\/huelinenglish\/wp-json\/wp\/v2\/categories?post=1846"},{"taxonomy":"post_tag","embeddable":true,"href":"https:\/\/www.ieshuelin.com\/huelinenglish\/wp-json\/wp\/v2\/tags?post=1846"}],"curies":[{"name":"wp","href":"https:\/\/api.w.org\/{rel}","templated":true}]}}