{"id":2252,"date":"2021-06-23T09:02:51","date_gmt":"2021-06-23T08:02:51","guid":{"rendered":"http:\/\/www.ieshuelin.com\/huelinenglish\/?p=2252"},"modified":"2022-09-14T08:36:41","modified_gmt":"2022-09-14T07:36:41","slug":"the-cradle-house-of-malaga-and-saint-elmos-aqueduct","status":"publish","type":"post","link":"http:\/\/www.ieshuelin.com\/huelinenglish\/the-cradle-house-of-malaga-and-saint-elmos-aqueduct\/","title":{"rendered":"The Cradle House of M\u00e1laga and Saint Elmo&#8217;s Aqueduct"},"content":{"rendered":"<p><img data-attachment-id=\"2251\" data-permalink=\"http:\/\/www.ieshuelin.com\/huelinenglish\/the-cradle-house-of-malaga-and-saint-elmos-aqueduct\/dav-5\/\" data-orig-file=\"https:\/\/i1.wp.com\/www.ieshuelin.com\/huelinenglish\/wp-content\/uploads\/2021\/06\/the-cradle-house-scaled.jpg?fit=2560%2C1920\" data-orig-size=\"2560,1920\" data-comments-opened=\"1\" data-image-meta=\"{&quot;aperture&quot;:&quot;2.2&quot;,&quot;credit&quot;:&quot;&quot;,&quot;camera&quot;:&quot;VTR-L09&quot;,&quot;caption&quot;:&quot;dav&quot;,&quot;created_timestamp&quot;:&quot;1623763717&quot;,&quot;copyright&quot;:&quot;&quot;,&quot;focal_length&quot;:&quot;3.95&quot;,&quot;iso&quot;:&quot;160&quot;,&quot;shutter_speed&quot;:&quot;0.03&quot;,&quot;title&quot;:&quot;dav&quot;,&quot;orientation&quot;:&quot;0&quot;}\" data-image-title=\"dav\" data-image-description=\"\" data-medium-file=\"https:\/\/i1.wp.com\/www.ieshuelin.com\/huelinenglish\/wp-content\/uploads\/2021\/06\/the-cradle-house-scaled.jpg?fit=300%2C225\" data-large-file=\"https:\/\/i1.wp.com\/www.ieshuelin.com\/huelinenglish\/wp-content\/uploads\/2021\/06\/the-cradle-house-scaled.jpg?fit=750%2C563\" loading=\"lazy\" class=\"size-medium wp-image-2251\" src=\"https:\/\/i1.wp.com\/www.ieshuelin.com\/huelinenglish\/wp-content\/uploads\/2021\/06\/the-cradle-house.jpg?resize=300%2C225\" alt=\"\" width=\"300\" height=\"225\" srcset=\"https:\/\/i1.wp.com\/www.ieshuelin.com\/huelinenglish\/wp-content\/uploads\/2021\/06\/the-cradle-house-scaled.jpg?resize=300%2C225 300w, https:\/\/i1.wp.com\/www.ieshuelin.com\/huelinenglish\/wp-content\/uploads\/2021\/06\/the-cradle-house-scaled.jpg?resize=1024%2C768 1024w, https:\/\/i1.wp.com\/www.ieshuelin.com\/huelinenglish\/wp-content\/uploads\/2021\/06\/the-cradle-house-scaled.jpg?resize=768%2C576 768w, https:\/\/i1.wp.com\/www.ieshuelin.com\/huelinenglish\/wp-content\/uploads\/2021\/06\/the-cradle-house-scaled.jpg?resize=1536%2C1152 1536w, https:\/\/i1.wp.com\/www.ieshuelin.com\/huelinenglish\/wp-content\/uploads\/2021\/06\/the-cradle-house-scaled.jpg?resize=2048%2C1536 2048w, https:\/\/i1.wp.com\/www.ieshuelin.com\/huelinenglish\/wp-content\/uploads\/2021\/06\/the-cradle-house-scaled.jpg?resize=750%2C563 750w, https:\/\/i1.wp.com\/www.ieshuelin.com\/huelinenglish\/wp-content\/uploads\/2021\/06\/the-cradle-house-scaled.jpg?w=2250 2250w\" sizes=\"(max-width: 300px) 100vw, 300px\" data-recalc-dims=\"1\" \/><\/p>\n<p><strong>Dear friends, <\/strong><\/p>\n<p><strong>I would like to share with you two templates of our students about The Cradle House of M\u00e1laga and Saint Elmo&#8217;s Aqueduct.<\/strong><\/p>\n<p>Estimados amigos:<\/p>\n<p>Me gustar\u00eda compartir con vosotros dos fichas que nuestros alumnos han elaborado sobre La Casa Cuna y el\u00a0 Acueducto de San Telmo.<\/p>\n<p><a href=\"https:\/\/www.malaga.es\/en\/turismo\/patrimonio\/lis_cd-3844\/acueducto-de-san-telmo-y-molinos-del-canal-patrimonio-hidraulico\">https:\/\/www.malaga.es\/en\/turismo\/patrimonio\/lis_cd-3844\/acueducto-de-san-telmo-y-molinos-del-canal-patrimonio-hidraulico<\/a><\/p>\n<p><strong>Let us know a little bit more about them!<\/strong><\/p>\n<p>\u00a1Sepamos un poquito m\u00e1s sobre ellos!<\/p>\n<p><strong>Saint Elmo&#8217;s Aqueduct<\/strong><\/p>\n<p>El Acueducto de San Telmo<\/p>\n<h5>\u2022 Period: 1782-1784 (18th century)<br \/>\n\u2022 Architect: Jos\u00e9 Mart\u00edn de Aldehuela<\/h5>\n<p>Periodo 1782-1784 (Siglo XVIII)<\/p>\n<p>Arquitecto: Jos\u00e9 Mart\u00edn de Aldehuela<\/p>\n<p><strong>Situated over the Humaina Stream, this colossal hydraulic system is built of brick and is 75 m long, 15 m high, 2.5 m wide at the top and 5.8 m wide at the bottom. It has four arches of 7 m in diameter, and its square support columns measure 3 x 34 m, including bow-shaped (upstream) and circular (downstream) breakwaters. The breakwaters are joined to the pilasters of the parapet by way of small buttresses, topped by a simple moulding that acts as impost block for the arches.<\/strong><\/p>\n<p>Situado sobre el arroyo Humaina, este sistema colosal hidr\u00e1ulico est\u00e1 hecho con ladrillos y mide 75 metros de largo, 15 de alto, 285\u00a0 metros de ancho en su parte superior y 5,8 en su parte inferior. Tiene 4 arcos de 7 metros de di\u00e1metro y sus columnas de apoyo rectangulares miden 3&#215;34 metros, incluyendo diques en forma arqueada (corriente arriba) y en forma circular (corriente abajo). Los diques est\u00e1n unidos a las pilastras del parapeto mediante peque\u00f1os contrafuertes rematados por una moldura sencilla que act\u00faa como cimacios para los arcos.<\/p>\n<p><strong>This aqueduct was built to increase the water supply to the city as, even in those days, Malaga lacked the most elemental water system and hygiene measures, although it is known that since Roman times there had been attempts, proposals and projects designed to boost and improve the supply to the city.<\/strong><\/p>\n<p>Este acueducto se construy\u00f3 para aumentar el suministro de agua a la ciudad ya que en aquella \u00e9poca M\u00e1laga carec\u00eda de un sistema de agua y de medidas de higiene, aunque se sabe que desde el tiempo de los Romanos hab\u00eda habido intentos, propuestas y proyectos dise\u00f1ados para fomentar y mejorar el suministro de la ciudad.<\/p>\n<p>&nbsp;<\/p>\n<p><span style=\"text-decoration: underline;\"><strong>The Cradle House<\/strong><\/span><\/p>\n<p><strong>In as much la Casa Cuna I have found an interesting article on Diario Sur in Spanish that I will gladly share with you.<\/strong><\/p>\n<p>Por lo que respecta a la Casa Cuna, he encontrado un art\u00edculo interesante en Diario Sur en espa\u00f1ol que comparto con gusto con vosotros.<\/p>\n<p><a href=\"https:\/\/www.diariosur.es\/v\/20110206\/malaga\/centros-amparaban-infancia-20110206.html\">https:\/\/www.diariosur.es\/v\/20110206\/malaga\/centros-amparaban-infancia-20110206.html<\/a><\/p>\n<p><strong>That is all for now! Have a nice day!<\/strong><\/p>\n<p>\u00a1Eso es todo por ahora! \u00a1Que teng\u00e1is un lindo d\u00eda!<\/p>\n<p>&nbsp;<\/p>\n<p><img data-attachment-id=\"2256\" data-permalink=\"http:\/\/www.ieshuelin.com\/huelinenglish\/the-cradle-house-of-malaga-and-saint-elmos-aqueduct\/reyes-gota-de-leche-2\/\" data-orig-file=\"https:\/\/i1.wp.com\/www.ieshuelin.com\/huelinenglish\/wp-content\/uploads\/2021\/06\/casa-cuna.jpg?fit=300%2C205\" data-orig-size=\"300,205\" data-comments-opened=\"1\" data-image-meta=\"{&quot;aperture&quot;:&quot;0&quot;,&quot;credit&quot;:&quot;&quot;,&quot;camera&quot;:&quot;&quot;,&quot;caption&quot;:&quot;&quot;,&quot;created_timestamp&quot;:&quot;0&quot;,&quot;copyright&quot;:&quot;&quot;,&quot;focal_length&quot;:&quot;0&quot;,&quot;iso&quot;:&quot;0&quot;,&quot;shutter_speed&quot;:&quot;0&quot;,&quot;title&quot;:&quot;reyes gota de leche 2&quot;,&quot;orientation&quot;:&quot;0&quot;}\" data-image-title=\"reyes gota de leche 2\" data-image-description=\"\" data-medium-file=\"https:\/\/i1.wp.com\/www.ieshuelin.com\/huelinenglish\/wp-content\/uploads\/2021\/06\/casa-cuna.jpg?fit=300%2C205\" data-large-file=\"https:\/\/i1.wp.com\/www.ieshuelin.com\/huelinenglish\/wp-content\/uploads\/2021\/06\/casa-cuna.jpg?fit=300%2C205\" loading=\"lazy\" class=\"alignnone size-full wp-image-2256\" src=\"https:\/\/i1.wp.com\/www.ieshuelin.com\/huelinenglish\/wp-content\/uploads\/2021\/06\/casa-cuna.jpg?resize=300%2C205\" alt=\"\" width=\"300\" height=\"205\" data-recalc-dims=\"1\" \/><\/p>\n<p><img data-attachment-id=\"2255\" data-permalink=\"http:\/\/www.ieshuelin.com\/huelinenglish\/the-cradle-house-of-malaga-and-saint-elmos-aqueduct\/273px-acueducto_de_san_telmo\/\" data-orig-file=\"https:\/\/i0.wp.com\/www.ieshuelin.com\/huelinenglish\/wp-content\/uploads\/2021\/06\/273px-Acueducto_de_San_Telmo.jpg?fit=273%2C241\" data-orig-size=\"273,241\" data-comments-opened=\"1\" data-image-meta=\"{&quot;aperture&quot;:&quot;0&quot;,&quot;credit&quot;:&quot;&quot;,&quot;camera&quot;:&quot;&quot;,&quot;caption&quot;:&quot;&quot;,&quot;created_timestamp&quot;:&quot;0&quot;,&quot;copyright&quot;:&quot;&quot;,&quot;focal_length&quot;:&quot;0&quot;,&quot;iso&quot;:&quot;0&quot;,&quot;shutter_speed&quot;:&quot;0&quot;,&quot;title&quot;:&quot;&quot;,&quot;orientation&quot;:&quot;0&quot;}\" data-image-title=\"273px-Acueducto_de_San_Telmo\" data-image-description=\"\" data-medium-file=\"https:\/\/i0.wp.com\/www.ieshuelin.com\/huelinenglish\/wp-content\/uploads\/2021\/06\/273px-Acueducto_de_San_Telmo.jpg?fit=273%2C241\" data-large-file=\"https:\/\/i0.wp.com\/www.ieshuelin.com\/huelinenglish\/wp-content\/uploads\/2021\/06\/273px-Acueducto_de_San_Telmo.jpg?fit=273%2C241\" loading=\"lazy\" class=\"alignnone size-full wp-image-2255\" src=\"https:\/\/i0.wp.com\/www.ieshuelin.com\/huelinenglish\/wp-content\/uploads\/2021\/06\/273px-Acueducto_de_San_Telmo.jpg?resize=273%2C241\" alt=\"\" width=\"273\" height=\"241\" data-recalc-dims=\"1\" \/><\/p>\n<p>&nbsp;<\/p>\n","protected":false},"excerpt":{"rendered":"<p>Dear friends, I would like to share with you two templates of our students about The Cradle House of M\u00e1laga and Saint Elmo&#8217;s Aqueduct. Estimados amigos: Me gustar\u00eda compartir con vosotros dos fichas que nuestros alumnos han elaborado sobre La Casa Cuna y el\u00a0 Acueducto de San Telmo. https:\/\/www.malaga.es\/en\/turismo\/patrimonio\/lis_cd-3844\/acueducto-de-san-telmo-y-molinos-del-canal-patrimonio-hidraulico Let us know a little bit &hellip; <\/p>\n<p><a class=\"more-link btn\" href=\"http:\/\/www.ieshuelin.com\/huelinenglish\/the-cradle-house-of-malaga-and-saint-elmos-aqueduct\/\">Seguir leyendo<\/a><\/p>\n","protected":false},"author":24,"featured_media":0,"comment_status":"closed","ping_status":"open","sticky":false,"template":"","format":"standard","meta":{"spay_email":"","jetpack_publicize_message":"","jetpack_is_tweetstorm":false},"categories":[1],"tags":[],"jetpack_featured_media_url":"","jetpack_publicize_connections":[],"jetpack_sharing_enabled":true,"jetpack_shortlink":"https:\/\/wp.me\/p5eUNF-Ak","jetpack-related-posts":[{"id":1668,"url":"http:\/\/www.ieshuelin.com\/huelinenglish\/about-me-about-us\/","url_meta":{"origin":2252,"position":0},"title":"About me! About us!","date":"octubre 27, 2020","format":false,"excerpt":"Hello, I am the new bilingual coordinator. My name is Francisco Javier Garc\u00eda L\u00f3pez (although everyone calls me Paco) and this is my sixth year at this Secondary School. I studied English Studies at the University of M\u00e1laga and I will try to do it my best so that this\u2026","rel":"","context":"En \u00abMain - Principal\u00bb","img":{"alt_text":"","src":"","width":0,"height":0},"classes":[]},{"id":2177,"url":"http:\/\/www.ieshuelin.com\/huelinenglish\/sustainable-development-goal-11-sustainable-cities-and-communities-objetivo-de-desarrollo-sostenible-11-ciudades-y-comunidades-sostenibles\/","url_meta":{"origin":2252,"position":1},"title":"Sustainable Development Goal 11: Sustainable Cities and Communities. Objetivo de Desarrollo Sostenible 11: Ciudades y Comunidades Sostenibles.","date":"junio 9, 2021","format":false,"excerpt":"https:\/\/www.youtube.com\/watch?v=VrBrpSTwPK8 Good morning, Dear friends, Buenos d\u00edas, queridos amigos: As I have already stated, this school year, the Bilingual Staff of IES Huelin have been working on the Sustainable Development Goals. I would like to share with you some tips that I have found on the web related to the\u2026","rel":"","context":"En \u00abMain - Principal\u00bb","img":{"alt_text":"","src":"https:\/\/i2.wp.com\/www.ieshuelin.com\/huelinenglish\/wp-content\/uploads\/2021\/06\/Cities_in_the_EU_SDG11-209x300.png?resize=350%2C200","width":350,"height":200},"classes":[]},{"id":1846,"url":"http:\/\/www.ieshuelin.com\/huelinenglish\/our-students-know-well-what-our-roots-are-nuestros-alumnos-conocen-bien-nuestros-origenes\/","url_meta":{"origin":2252,"position":2},"title":"Our students know well what our roots are. Nuestros alumnos conocen bien nuestros or\u00edgenes.","date":"diciembre 21, 2020","format":false,"excerpt":"https:\/\/spainsnews.com\/the-inhabitants-of-malaga-and-oviedo-the-most-satisfied-in-spain-with-their-city\/ Trinidad Grund \u00a0\u00a0\u00a0 trabajo sobre M\u00e1laga (4)\u00a0\u00a0\u00a0\u00a0\u00a0\u00a0 trabajo el parque de m\u00e1laga TRAB HIS - SARA Y ALBA \u00a0\u00a0\u00a0\u00a0\u00a0 TORRIJOS AND THE OBELISK OF THE PLAZA DE LA MERCED\u00a0\u00a0\u00a0 Presentaci\u00f3n sobre la Asociaci\u00f3n Econ\u00f3mica de Amigos del Pa\u00eds \u00a0\u00a0\u00a0 Presentaci\u00f3n biling\u00fce \u00a0\u00a0 Parque de M\u00e1laga - Sandra Franc\u00e9s Irene\u2026","rel":"","context":"En \u00abWorks done by students\u00bb","img":{"alt_text":"","src":"https:\/\/i2.wp.com\/www.ieshuelin.com\/huelinenglish\/wp-content\/uploads\/2020\/12\/Jardin-de-la-Concepcion-300x202.png?resize=350%2C200","width":350,"height":200},"classes":[]},{"id":2024,"url":"http:\/\/www.ieshuelin.com\/huelinenglish\/sustainable-development-goals-and-our-city-los-objetivos-de-desarrollo-sostenible-y-nuestra-ciudad\/","url_meta":{"origin":2252,"position":3},"title":"Sustainable Development Goals and our city. Los Objetivos de Desarrollo Sostenible y nuestra ciudad.","date":"abril 27, 2021","format":false,"excerpt":"Los Objetivos de Desarrollo Sostenible y nuestra ciudad. An interview with Francisco de la Torre, Mayor of M\u00e1laga. Una entrevista con Francisco de la Torre, alcalde de M\u00e1laga. https:\/\/www.climate-kic.org\/community\/mayor-of-malaga\/ Francisco de la Torre has been Mayor of Malaga since 2000. Under his mandate, the Andalusian city has gained international attention\u2026","rel":"","context":"En \u00abMain - Principal\u00bb","img":{"alt_text":"","src":"","width":0,"height":0},"classes":[]},{"id":2191,"url":"http:\/\/www.ieshuelin.com\/huelinenglish\/world-blood-donor-day\/","url_meta":{"origin":2252,"position":4},"title":"World Blood Donor Day. D\u00eda del Donante de Sangre.","date":"junio 15, 2021","format":false,"excerpt":"https:\/\/en.wikipedia.org\/wiki\/World_Blood_Donor_Day World Blood Donor Day (WBDD) is held on June 14 each year. The event was organised for the first time in 2005, by a joint initiative of the World Health Organization, the International Federation of Red Cross and Red Crescent Societies to raise awareness of the need for safe\u2026","rel":"","context":"En \u00abMain - Principal\u00bb","img":{"alt_text":"","src":"","width":0,"height":0},"classes":[]},{"id":1674,"url":"http:\/\/www.ieshuelin.com\/huelinenglish\/malaga-has-the-worlds-happiest-people\/","url_meta":{"origin":2252,"position":5},"title":"M\u00e1laga has the World's Happiest People.","date":"octubre 28, 2020","format":false,"excerpt":"Whilst it must remain clear that this is by no means a conclusion based on infallible scientific evidence, the CEO of the Happiness Research Institute has recently published his observations which suggest that the world\u2019s happiest people \u2013 the smiliest, at least \u2013 are to be found in the city\u2026","rel":"","context":"En \u00abMain - Principal\u00bb","img":{"alt_text":"","src":"","width":0,"height":0},"classes":[]}],"_links":{"self":[{"href":"http:\/\/www.ieshuelin.com\/huelinenglish\/wp-json\/wp\/v2\/posts\/2252"}],"collection":[{"href":"http:\/\/www.ieshuelin.com\/huelinenglish\/wp-json\/wp\/v2\/posts"}],"about":[{"href":"http:\/\/www.ieshuelin.com\/huelinenglish\/wp-json\/wp\/v2\/types\/post"}],"author":[{"embeddable":true,"href":"http:\/\/www.ieshuelin.com\/huelinenglish\/wp-json\/wp\/v2\/users\/24"}],"replies":[{"embeddable":true,"href":"http:\/\/www.ieshuelin.com\/huelinenglish\/wp-json\/wp\/v2\/comments?post=2252"}],"version-history":[{"count":2,"href":"http:\/\/www.ieshuelin.com\/huelinenglish\/wp-json\/wp\/v2\/posts\/2252\/revisions"}],"predecessor-version":[{"id":2258,"href":"http:\/\/www.ieshuelin.com\/huelinenglish\/wp-json\/wp\/v2\/posts\/2252\/revisions\/2258"}],"wp:attachment":[{"href":"http:\/\/www.ieshuelin.com\/huelinenglish\/wp-json\/wp\/v2\/media?parent=2252"}],"wp:term":[{"taxonomy":"category","embeddable":true,"href":"http:\/\/www.ieshuelin.com\/huelinenglish\/wp-json\/wp\/v2\/categories?post=2252"},{"taxonomy":"post_tag","embeddable":true,"href":"http:\/\/www.ieshuelin.com\/huelinenglish\/wp-json\/wp\/v2\/tags?post=2252"}],"curies":[{"name":"wp","href":"https:\/\/api.w.org\/{rel}","templated":true}]}}